{"id":18313,"date":"2023-07-14T15:21:56","date_gmt":"2023-07-14T13:21:56","guid":{"rendered":"https:\/\/medri.uniri.hr\/?p=18313"},"modified":"2023-09-11T10:13:53","modified_gmt":"2023-09-11T08:13:53","slug":"defence-of-the-phd-thesis-masa-knezevic-m-sc","status":"publish","type":"post","link":"https:\/\/medri.uniri.hr\/en\/defence-of-the-phd-thesis-masa-knezevic-m-sc\/","title":{"rendered":"Defence of the PhD thesis \u2013 Ma\u0161a Kne\u017eevi\u0107, MSc"},"content":{"rendered":"\n<p>On <strong>Tuesday, 18 July 2023<\/strong>, Ma\u0161a Kne\u017eevi\u0107, MSc, will have a public defence of her <strong>PhD thesis <\/strong>titled <em>Francisella \u2013 Molecular Mechanisms of Adaptation to Amoeba Cells <\/em>before the Committee for Public Defence of the PhD Thesis. The candidate will publicly defend her PhD thesis at the Faculty of Medicine in Rijeka in <strong>lecture room 1<\/strong> at <strong>1 pm<\/strong>.<\/p>\n","protected":false},"excerpt":{"rendered":"<p>On Tuesday, 18 July 2023, Ma\u0161a Kne\u017eevi\u0107, MSc, will have a public defence of her PhD thesis titled Francisella \u2013 Molecular Mechanisms of Adaptation to Amoeba Cells before the Committee for Public Defence of the PhD Thesis. The candidate will publicly defend her PhD thesis at the Faculty of Medicine in Rijeka in lecture room [&hellip;]<\/p>\n","protected":false},"author":10,"featured_media":0,"comment_status":"closed","ping_status":"closed","sticky":false,"template":"","format":"standard","meta":{"_acf_changed":false,"ub_ctt_via":"","footnotes":""},"categories":[254,253],"tags":[],"class_list":["post-18313","post","type-post","status-publish","format-standard","hentry","category-biomedicine-and-health","category-doctoral-school"],"acf":[],"featured_image_src":null,"author_info":{"display_name":"Dunja Zori\u010di\u0107","author_link":"https:\/\/medri.uniri.hr\/en\/author\/dunja-zoricic\/"},"_links":{"self":[{"href":"https:\/\/medri.uniri.hr\/en\/wp-json\/wp\/v2\/posts\/18313","targetHints":{"allow":["GET"]}}],"collection":[{"href":"https:\/\/medri.uniri.hr\/en\/wp-json\/wp\/v2\/posts"}],"about":[{"href":"https:\/\/medri.uniri.hr\/en\/wp-json\/wp\/v2\/types\/post"}],"author":[{"embeddable":true,"href":"https:\/\/medri.uniri.hr\/en\/wp-json\/wp\/v2\/users\/10"}],"replies":[{"embeddable":true,"href":"https:\/\/medri.uniri.hr\/en\/wp-json\/wp\/v2\/comments?post=18313"}],"version-history":[{"count":2,"href":"https:\/\/medri.uniri.hr\/en\/wp-json\/wp\/v2\/posts\/18313\/revisions"}],"predecessor-version":[{"id":18913,"href":"https:\/\/medri.uniri.hr\/en\/wp-json\/wp\/v2\/posts\/18313\/revisions\/18913"}],"wp:attachment":[{"href":"https:\/\/medri.uniri.hr\/en\/wp-json\/wp\/v2\/media?parent=18313"}],"wp:term":[{"taxonomy":"category","embeddable":true,"href":"https:\/\/medri.uniri.hr\/en\/wp-json\/wp\/v2\/categories?post=18313"},{"taxonomy":"post_tag","embeddable":true,"href":"https:\/\/medri.uniri.hr\/en\/wp-json\/wp\/v2\/tags?post=18313"}],"curies":[{"name":"wp","href":"https:\/\/api.w.org\/{rel}","templated":true}]}}